{"id":4358,"date":"2024-04-12T08:25:28","date_gmt":"2024-04-12T06:25:28","guid":{"rendered":"https:\/\/www.notredameheusy.net\/primaire\/?p=4358"},"modified":"2024-04-12T08:27:38","modified_gmt":"2024-04-12T06:27:38","slug":"visite-de-labbaye-de-stavelot-p5","status":"publish","type":"post","link":"https:\/\/www.notredameheusy.net\/primaire\/visite-de-labbaye-de-stavelot-p5\/","title":{"rendered":"Visite de l&rsquo;Abbaye de Stavelot (P5)"},"content":{"rendered":"\n\n<p><a href=\"https:\/\/www.notredameheusy.net\/primaire\/wp-content\/uploads\/2024\/04\/Stavelot-6-scaled.jpg\"><img loading=\"lazy\" decoding=\"async\" class=\" wp-image-4364 alignleft\" src=\"https:\/\/www.notredameheusy.net\/primaire\/wp-content\/uploads\/2024\/04\/Stavelot-6-scaled.jpg\" alt=\"\" width=\"143\" height=\"107\" srcset=\"https:\/\/www.notredameheusy.net\/primaire\/wp-content\/uploads\/2024\/04\/Stavelot-6-scaled.jpg 2560w, https:\/\/www.notredameheusy.net\/primaire\/wp-content\/uploads\/2024\/04\/Stavelot-6-300x225.jpg 300w, https:\/\/www.notredameheusy.net\/primaire\/wp-content\/uploads\/2024\/04\/Stavelot-6-1024x768.jpg 1024w, https:\/\/www.notredameheusy.net\/primaire\/wp-content\/uploads\/2024\/04\/Stavelot-6-768x576.jpg 768w, https:\/\/www.notredameheusy.net\/primaire\/wp-content\/uploads\/2024\/04\/Stavelot-6-1536x1152.jpg 1536w, https:\/\/www.notredameheusy.net\/primaire\/wp-content\/uploads\/2024\/04\/Stavelot-6-2048x1536.jpg 2048w\" sizes=\"auto, (max-width: 143px) 100vw, 143px\" \/><\/a>Pour la semaine Jeunesse et Patrimoine en Wallonie, les P5 se sont rendus \u00e0 Stavelot pour visiter son abbaye.\u00a0<\/p>\n<p><!--more--><\/p>\n\n\n<div style=\"height:17px\" aria-hidden=\"true\" class=\"wp-block-spacer\"><\/div>\n\n\n\n<p>D\u00e8s notre arriv\u00e9e, nous avons d\u00e9couvert des vestiges devant le mus\u00e9e. Il s&rsquo;agissait de l&rsquo;ancienne \u00e9glise longue de 100 m et dont la tour mesurait 90 m. Aujourd&rsquo;hui, la tour ne mesure plus que 30m.\u00a0<br>\u00c0 l&rsquo;int\u00e9rieur de l&rsquo;abbaye nous avons d\u00e9couvert les ossements de Wibald, le fondateur de la principaut\u00e9 de Stavelot-Malmedy.\u00a0<\/p>\n\n\n\n<div style=\"height:39px\" aria-hidden=\"true\" class=\"wp-block-spacer\"><\/div>\n\n\n\n<p>Lors d&rsquo;ateliers, nous avons \u00e9t\u00e9 historiens (d\u00e9couverte de livres \u00e9crits \u00e0 la main sur des parchemins), arch\u00e9ologues (nous devions classer des objets trouv\u00e9s lors de fouilles) et anthropologues (en \u00e9tudiant les personnages de l&rsquo;\u00e9poque comme St Remacle, les moines, Wybald).\u00a0<\/p>\n\n\n\n<div style=\"height:34px\" aria-hidden=\"true\" class=\"wp-block-spacer\"><\/div>\n\n\n\n<p>Nous avons \u00e9galement observ\u00e9, manipul\u00e9 et construit des architectures li\u00e9es \u00e0 l&rsquo;art roman puis gothique.&nbsp;<br>Nous avons vu des habits d&rsquo;\u00e9poque et m\u00eame un Blanc-Moussis.<br>Nous avons termin\u00e9 dans les caves de l&rsquo;abbaye pour participer \u00e0 un jeu de vocabulaire et de fabrication de tours \u00e0 l&rsquo;aide de Kapla.&nbsp;<\/p>\n\n\n\n<div style=\"height:5px\" aria-hidden=\"true\" class=\"wp-block-spacer\"><\/div>\n\n\n\n<div style=\"height:30px\" aria-hidden=\"true\" class=\"wp-block-spacer\"><\/div>\n\n\n\n<p>Ounays, Vivien, Simon, Julien, Ninon, Adrien, Clara, H\u00e9l\u00e9na et Maxime.\u00a0<\/p>\n\n\n\n<div style=\"height:44px\" aria-hidden=\"true\" class=\"wp-block-spacer\"><\/div>\n\n\n<p><a href=\"https:\/\/www.notredameheusy.net\/primaire\/wp-content\/uploads\/2024\/04\/Stavelot-1-scaled.jpg\"><img loading=\"lazy\" decoding=\"async\" class=\" wp-image-4359 alignleft\" src=\"https:\/\/www.notredameheusy.net\/primaire\/wp-content\/uploads\/2024\/04\/Stavelot-1-scaled.jpg\" alt=\"\" width=\"180\" height=\"240\" srcset=\"https:\/\/www.notredameheusy.net\/primaire\/wp-content\/uploads\/2024\/04\/Stavelot-1-scaled.jpg 1920w, https:\/\/www.notredameheusy.net\/primaire\/wp-content\/uploads\/2024\/04\/Stavelot-1-225x300.jpg 225w, https:\/\/www.notredameheusy.net\/primaire\/wp-content\/uploads\/2024\/04\/Stavelot-1-768x1024.jpg 768w, https:\/\/www.notredameheusy.net\/primaire\/wp-content\/uploads\/2024\/04\/Stavelot-1-1152x1536.jpg 1152w, https:\/\/www.notredameheusy.net\/primaire\/wp-content\/uploads\/2024\/04\/Stavelot-1-1536x2048.jpg 1536w\" sizes=\"auto, (max-width: 180px) 100vw, 180px\" \/><\/a><a href=\"https:\/\/www.notredameheusy.net\/primaire\/wp-content\/uploads\/2024\/04\/Stavelot-2-scaled.jpg\"><img loading=\"lazy\" decoding=\"async\" class=\"wp-image-4360 alignright\" src=\"https:\/\/www.notredameheusy.net\/primaire\/wp-content\/uploads\/2024\/04\/Stavelot-2-scaled.jpg\" alt=\"\" width=\"183\" height=\"243\" srcset=\"https:\/\/www.notredameheusy.net\/primaire\/wp-content\/uploads\/2024\/04\/Stavelot-2-scaled.jpg 1920w, https:\/\/www.notredameheusy.net\/primaire\/wp-content\/uploads\/2024\/04\/Stavelot-2-225x300.jpg 225w, https:\/\/www.notredameheusy.net\/primaire\/wp-content\/uploads\/2024\/04\/Stavelot-2-768x1024.jpg 768w, https:\/\/www.notredameheusy.net\/primaire\/wp-content\/uploads\/2024\/04\/Stavelot-2-1152x1536.jpg 1152w, https:\/\/www.notredameheusy.net\/primaire\/wp-content\/uploads\/2024\/04\/Stavelot-2-1536x2048.jpg 1536w\" sizes=\"auto, (max-width: 183px) 100vw, 183px\" \/><\/a><a href=\"https:\/\/www.notredameheusy.net\/primaire\/wp-content\/uploads\/2024\/04\/Stavelot-4-scaled.jpg\"><img loading=\"lazy\" decoding=\"async\" class=\"aligncenter  wp-image-4362\" src=\"https:\/\/www.notredameheusy.net\/primaire\/wp-content\/uploads\/2024\/04\/Stavelot-4-scaled.jpg\" alt=\"\" width=\"257\" height=\"193\" srcset=\"https:\/\/www.notredameheusy.net\/primaire\/wp-content\/uploads\/2024\/04\/Stavelot-4-scaled.jpg 2560w, https:\/\/www.notredameheusy.net\/primaire\/wp-content\/uploads\/2024\/04\/Stavelot-4-300x225.jpg 300w, https:\/\/www.notredameheusy.net\/primaire\/wp-content\/uploads\/2024\/04\/Stavelot-4-1024x768.jpg 1024w, https:\/\/www.notredameheusy.net\/primaire\/wp-content\/uploads\/2024\/04\/Stavelot-4-768x576.jpg 768w, https:\/\/www.notredameheusy.net\/primaire\/wp-content\/uploads\/2024\/04\/Stavelot-4-1536x1152.jpg 1536w, https:\/\/www.notredameheusy.net\/primaire\/wp-content\/uploads\/2024\/04\/Stavelot-4-2048x1536.jpg 2048w\" sizes=\"auto, (max-width: 257px) 100vw, 257px\" \/><\/a><\/p>","protected":false},"excerpt":{"rendered":"<p>Pour la semaine Jeunesse et Patrimoine en Wallonie, les P5 se sont rendus \u00e0 Stavelot pour visiter son abbaye.\u00a0<\/p>\n","protected":false},"author":3,"featured_media":0,"comment_status":"open","ping_status":"open","sticky":false,"template":"","format":"standard","meta":{"footnotes":""},"categories":[32,24,39,33],"tags":[],"class_list":["post-4358","post","type-post","status-publish","format-standard","hentry","category-accueil","category-activites-de-classe","category-ecole-active","category-nos-infos-parents"],"_links":{"self":[{"href":"https:\/\/www.notredameheusy.net\/primaire\/wp-json\/wp\/v2\/posts\/4358","targetHints":{"allow":["GET"]}}],"collection":[{"href":"https:\/\/www.notredameheusy.net\/primaire\/wp-json\/wp\/v2\/posts"}],"about":[{"href":"https:\/\/www.notredameheusy.net\/primaire\/wp-json\/wp\/v2\/types\/post"}],"author":[{"embeddable":true,"href":"https:\/\/www.notredameheusy.net\/primaire\/wp-json\/wp\/v2\/users\/3"}],"replies":[{"embeddable":true,"href":"https:\/\/www.notredameheusy.net\/primaire\/wp-json\/wp\/v2\/comments?post=4358"}],"version-history":[{"count":5,"href":"https:\/\/www.notredameheusy.net\/primaire\/wp-json\/wp\/v2\/posts\/4358\/revisions"}],"predecessor-version":[{"id":4370,"href":"https:\/\/www.notredameheusy.net\/primaire\/wp-json\/wp\/v2\/posts\/4358\/revisions\/4370"}],"wp:attachment":[{"href":"https:\/\/www.notredameheusy.net\/primaire\/wp-json\/wp\/v2\/media?parent=4358"}],"wp:term":[{"taxonomy":"category","embeddable":true,"href":"https:\/\/www.notredameheusy.net\/primaire\/wp-json\/wp\/v2\/categories?post=4358"},{"taxonomy":"post_tag","embeddable":true,"href":"https:\/\/www.notredameheusy.net\/primaire\/wp-json\/wp\/v2\/tags?post=4358"}],"curies":[{"name":"wp","href":"https:\/\/api.w.org\/{rel}","templated":true}]}}