{"id":4345,"date":"2024-02-16T15:18:42","date_gmt":"2024-02-16T13:18:42","guid":{"rendered":"https:\/\/www.notredameheusy.net\/primaire\/?p=4345"},"modified":"2024-02-16T15:18:42","modified_gmt":"2024-02-16T13:18:42","slug":"sortie-carnaval-rosenmontag-p5","status":"publish","type":"post","link":"https:\/\/www.notredameheusy.net\/primaire\/sortie-carnaval-rosenmontag-p5\/","title":{"rendered":"Sortie carnaval Rosenmontag (P5)"},"content":{"rendered":"<p><a href=\"https:\/\/www.notredameheusy.net\/primaire\/wp-content\/uploads\/2024\/02\/16.02.2.jpeg\"><img loading=\"lazy\" decoding=\"async\" class=\" wp-image-4347 alignleft\" src=\"https:\/\/www.notredameheusy.net\/primaire\/wp-content\/uploads\/2024\/02\/16.02.2.jpeg\" alt=\"\" width=\"110\" height=\"147\" srcset=\"https:\/\/www.notredameheusy.net\/primaire\/wp-content\/uploads\/2024\/02\/16.02.2.jpeg 1301w, https:\/\/www.notredameheusy.net\/primaire\/wp-content\/uploads\/2024\/02\/16.02.2-225x300.jpeg 225w, https:\/\/www.notredameheusy.net\/primaire\/wp-content\/uploads\/2024\/02\/16.02.2-768x1024.jpeg 768w, https:\/\/www.notredameheusy.net\/primaire\/wp-content\/uploads\/2024\/02\/16.02.2-1152x1536.jpeg 1152w\" sizes=\"auto, (max-width: 110px) 100vw, 110px\" \/><\/a><\/p>\n<p>En classe, nous avons parl\u00e9 de l&rsquo;origine du carnaval, de sa traduction en latin \u00ab\u00a0Carne levare\u00a0\u00bb qui signifie \u00f4ter la viande. Nous avons compris l&rsquo;explication du Mardi Gras en lien avec la f\u00eate de P\u00e2ques et le d\u00e9but du Car\u00eame lors du mercredi des Cendres.<!--more--><\/p>\n<p>Lundi 12 f\u00e9vrier, nous sommes venus \u00e0 l&rsquo;\u00e9cole d\u00e9guis\u00e9s car nous partions voir le cort\u00e8ge du Lundi des Roses \u00e0 La Calamine ( le Rosenmontag \u00e0 Kelmis).<br \/>Nous \u00e9tions les 3 classes de P5, quelques parents pour nous emmener et nos enseignants.\u00a0<\/p>\n<p>Les chars \u00e9taient magnifiques. Les groupes repr\u00e9sentant des th\u00e8mes comme le ski, le cin\u00e9ma, des Mexicains,&#8230; lan\u00e7aient beaucoup de chiques et gadgets. Nous avons r\u00e9colt\u00e9 \u00e9norm\u00e9ment de friandises et d&rsquo;objets lanc\u00e9s lorsque nous criions \u00ab\u00a0Alaaf!\u00a0\u00bb.<br \/>Nous avons chant\u00e9 et dans\u00e9 sur les rythmes des musiques.<\/p>\n<p>Une surprise est arriv\u00e9e lors du passage du groupe de Mr Pirnay en \u00ab\u00a0Ice Cream\u00a0\u00bb: nous avons pu faire une longue farandole avec les participants derri\u00e8re leur char.<br \/>M\u00eame les parents qui \u00e9taient pr\u00e9sents ont pu profiter de la joie du carnaval.<br \/>C&rsquo;\u00e9tait juste incroyable!<\/p>\n<p>Alaaf!<\/p>\n<p>Ma\u00efssam, Ninon, Julien et Simon.<\/p>\n<p><a href=\"https:\/\/www.notredameheusy.net\/primaire\/wp-content\/uploads\/2024\/02\/16.02.5.jpeg\"><img loading=\"lazy\" decoding=\"async\" class=\"wp-image-4350 alignleft\" src=\"https:\/\/www.notredameheusy.net\/primaire\/wp-content\/uploads\/2024\/02\/16.02.5.jpeg\" alt=\"\" width=\"191\" height=\"255\" srcset=\"https:\/\/www.notredameheusy.net\/primaire\/wp-content\/uploads\/2024\/02\/16.02.5.jpeg 1301w, https:\/\/www.notredameheusy.net\/primaire\/wp-content\/uploads\/2024\/02\/16.02.5-225x300.jpeg 225w, https:\/\/www.notredameheusy.net\/primaire\/wp-content\/uploads\/2024\/02\/16.02.5-768x1024.jpeg 768w, https:\/\/www.notredameheusy.net\/primaire\/wp-content\/uploads\/2024\/02\/16.02.5-1152x1536.jpeg 1152w\" sizes=\"auto, (max-width: 191px) 100vw, 191px\" \/><\/a><a href=\"https:\/\/www.notredameheusy.net\/primaire\/wp-content\/uploads\/2024\/02\/16.02.4.jpeg\"><img loading=\"lazy\" decoding=\"async\" class=\"wp-image-4349 alignright\" src=\"https:\/\/www.notredameheusy.net\/primaire\/wp-content\/uploads\/2024\/02\/16.02.4.jpeg\" alt=\"\" width=\"187\" height=\"249\" srcset=\"https:\/\/www.notredameheusy.net\/primaire\/wp-content\/uploads\/2024\/02\/16.02.4.jpeg 1301w, https:\/\/www.notredameheusy.net\/primaire\/wp-content\/uploads\/2024\/02\/16.02.4-225x300.jpeg 225w, https:\/\/www.notredameheusy.net\/primaire\/wp-content\/uploads\/2024\/02\/16.02.4-768x1024.jpeg 768w, https:\/\/www.notredameheusy.net\/primaire\/wp-content\/uploads\/2024\/02\/16.02.4-1152x1536.jpeg 1152w\" sizes=\"auto, (max-width: 187px) 100vw, 187px\" \/><\/a><a href=\"https:\/\/www.notredameheusy.net\/primaire\/wp-content\/uploads\/2024\/02\/16.02.3.jpeg\"><img loading=\"lazy\" decoding=\"async\" class=\"aligncenter  wp-image-4348\" src=\"https:\/\/www.notredameheusy.net\/primaire\/wp-content\/uploads\/2024\/02\/16.02.3.jpeg\" alt=\"\" width=\"185\" height=\"247\" srcset=\"https:\/\/www.notredameheusy.net\/primaire\/wp-content\/uploads\/2024\/02\/16.02.3.jpeg 1301w, https:\/\/www.notredameheusy.net\/primaire\/wp-content\/uploads\/2024\/02\/16.02.3-225x300.jpeg 225w, https:\/\/www.notredameheusy.net\/primaire\/wp-content\/uploads\/2024\/02\/16.02.3-768x1024.jpeg 768w, https:\/\/www.notredameheusy.net\/primaire\/wp-content\/uploads\/2024\/02\/16.02.3-1152x1536.jpeg 1152w\" sizes=\"auto, (max-width: 185px) 100vw, 185px\" \/><\/a><\/p>\n<p><a href=\"https:\/\/www.notredameheusy.net\/primaire\/wp-content\/uploads\/2024\/02\/16.02.1.jpeg\"><img loading=\"lazy\" decoding=\"async\" class=\"wp-image-4346 alignleft\" src=\"https:\/\/www.notredameheusy.net\/primaire\/wp-content\/uploads\/2024\/02\/16.02.1.jpeg\" alt=\"\" width=\"148\" height=\"198\" srcset=\"https:\/\/www.notredameheusy.net\/primaire\/wp-content\/uploads\/2024\/02\/16.02.1.jpeg 1301w, https:\/\/www.notredameheusy.net\/primaire\/wp-content\/uploads\/2024\/02\/16.02.1-225x300.jpeg 225w, https:\/\/www.notredameheusy.net\/primaire\/wp-content\/uploads\/2024\/02\/16.02.1-768x1024.jpeg 768w, https:\/\/www.notredameheusy.net\/primaire\/wp-content\/uploads\/2024\/02\/16.02.1-1152x1536.jpeg 1152w\" sizes=\"auto, (max-width: 148px) 100vw, 148px\" \/><\/a><\/p>\n\n\n<div style=\"height:0px\" aria-hidden=\"true\" class=\"wp-block-spacer\"><\/div>\n","protected":false},"excerpt":{"rendered":"<p>En classe, nous avons parl\u00e9 de l&rsquo;origine du carnaval, de sa traduction en latin \u00ab\u00a0Carne levare\u00a0\u00bb qui signifie \u00f4ter la viande. Nous avons compris l&rsquo;explication du Mardi Gras en lien avec la f\u00eate de P\u00e2ques et le d\u00e9but du Car\u00eame lors du mercredi des Cendres.<\/p>\n","protected":false},"author":3,"featured_media":0,"comment_status":"open","ping_status":"open","sticky":false,"template":"","format":"standard","meta":{"footnotes":""},"categories":[32,24,39,33,45],"tags":[],"class_list":["post-4345","post","type-post","status-publish","format-standard","hentry","category-accueil","category-activites-de-classe","category-ecole-active","category-nos-infos-parents","category-photos"],"_links":{"self":[{"href":"https:\/\/www.notredameheusy.net\/primaire\/wp-json\/wp\/v2\/posts\/4345","targetHints":{"allow":["GET"]}}],"collection":[{"href":"https:\/\/www.notredameheusy.net\/primaire\/wp-json\/wp\/v2\/posts"}],"about":[{"href":"https:\/\/www.notredameheusy.net\/primaire\/wp-json\/wp\/v2\/types\/post"}],"author":[{"embeddable":true,"href":"https:\/\/www.notredameheusy.net\/primaire\/wp-json\/wp\/v2\/users\/3"}],"replies":[{"embeddable":true,"href":"https:\/\/www.notredameheusy.net\/primaire\/wp-json\/wp\/v2\/comments?post=4345"}],"version-history":[{"count":1,"href":"https:\/\/www.notredameheusy.net\/primaire\/wp-json\/wp\/v2\/posts\/4345\/revisions"}],"predecessor-version":[{"id":4352,"href":"https:\/\/www.notredameheusy.net\/primaire\/wp-json\/wp\/v2\/posts\/4345\/revisions\/4352"}],"wp:attachment":[{"href":"https:\/\/www.notredameheusy.net\/primaire\/wp-json\/wp\/v2\/media?parent=4345"}],"wp:term":[{"taxonomy":"category","embeddable":true,"href":"https:\/\/www.notredameheusy.net\/primaire\/wp-json\/wp\/v2\/categories?post=4345"},{"taxonomy":"post_tag","embeddable":true,"href":"https:\/\/www.notredameheusy.net\/primaire\/wp-json\/wp\/v2\/tags?post=4345"}],"curies":[{"name":"wp","href":"https:\/\/api.w.org\/{rel}","templated":true}]}}