{"id":4322,"date":"2024-02-06T12:25:13","date_gmt":"2024-02-06T10:25:13","guid":{"rendered":"https:\/\/www.notredameheusy.net\/primaire\/?p=4322"},"modified":"2024-02-06T12:25:14","modified_gmt":"2024-02-06T10:25:14","slug":"safer-internet-day-06-02-2024","status":"publish","type":"post","link":"https:\/\/www.notredameheusy.net\/primaire\/safer-internet-day-06-02-2024\/","title":{"rendered":"Safer Internet Day (06\/02\/2024)"},"content":{"rendered":"<p><a href=\"https:\/\/www.notredameheusy.net\/primaire\/wp-content\/uploads\/2024\/02\/Flyer_numerique_intranet_Page_1.jpg\"><img loading=\"lazy\" decoding=\"async\" class=\"wp-image-4324 alignleft\" src=\"https:\/\/www.notredameheusy.net\/primaire\/wp-content\/uploads\/2024\/02\/Flyer_numerique_intranet_Page_1.jpg\" alt=\"\" width=\"74\" height=\"104\" srcset=\"https:\/\/www.notredameheusy.net\/primaire\/wp-content\/uploads\/2024\/02\/Flyer_numerique_intranet_Page_1.jpg 827w, https:\/\/www.notredameheusy.net\/primaire\/wp-content\/uploads\/2024\/02\/Flyer_numerique_intranet_Page_1-213x300.jpg 213w, https:\/\/www.notredameheusy.net\/primaire\/wp-content\/uploads\/2024\/02\/Flyer_numerique_intranet_Page_1-726x1024.jpg 726w, https:\/\/www.notredameheusy.net\/primaire\/wp-content\/uploads\/2024\/02\/Flyer_numerique_intranet_Page_1-768x1083.jpg 768w\" sizes=\"auto, (max-width: 74px) 100vw, 74px\" \/><\/a><\/p>\n<p><a href=\"https:\/\/www.notredameheusy.net\/primaire\/wp-content\/uploads\/2024\/02\/Flyer_numerique_intranet_Page_2.jpg\"><img loading=\"lazy\" decoding=\"async\" class=\"wp-image-4325 alignleft\" src=\"https:\/\/www.notredameheusy.net\/primaire\/wp-content\/uploads\/2024\/02\/Flyer_numerique_intranet_Page_2.jpg\" alt=\"\" width=\"76\" height=\"107\" srcset=\"https:\/\/www.notredameheusy.net\/primaire\/wp-content\/uploads\/2024\/02\/Flyer_numerique_intranet_Page_2.jpg 827w, https:\/\/www.notredameheusy.net\/primaire\/wp-content\/uploads\/2024\/02\/Flyer_numerique_intranet_Page_2-213x300.jpg 213w, https:\/\/www.notredameheusy.net\/primaire\/wp-content\/uploads\/2024\/02\/Flyer_numerique_intranet_Page_2-726x1024.jpg 726w, https:\/\/www.notredameheusy.net\/primaire\/wp-content\/uploads\/2024\/02\/Flyer_numerique_intranet_Page_2-768x1083.jpg 768w\" sizes=\"auto, (max-width: 76px) 100vw, 76px\" \/><\/a>Chers parents,<\/p>\n<p>Chaque ann\u00e9e, plus de 110 pays c\u00e9l\u00e8brent le Safer Internet Day (la journ\u00e9e annuelle pour un internet plus s\u00fbr). Cette journ\u00e9e a lieu ce 6 f\u00e9vrier 2024 et vise \u00e0 sensibiliser tout un chacun \u00e0 un usage meilleur et plus s\u00fbr d\u2019internet pour les enfants et les jeunes.<!--more--><\/p>\n<p>A cette occasion,\u00a0Child Focus, Mediawijs, M\u00e9dia Animation et le Conseil sup\u00e9rieur de l\u2019\u00e9ducation\u00a0lancent le podcast \u00ab parentalit\u00e9 num\u00e9rique \u00bb sur l\u2019utilisation des \u00e9crans et les exp\u00e9riences num\u00e9riques des enfants au sein de la famille. Dans ce podcast, un parent et un.e professionnel.le discutent de l&rsquo;\u00e9ducation aux m\u00e9dias.<\/p>\n<p>D\u00e9couvrez le podcast ici :\u00a0 https:\/\/betternet.be\/fr\/safer-internet-day\/<\/p>\n<p>En esp\u00e9rant que cet outil vous aide \u00e0 accompagner les usages num\u00e9riques de vos enfants au mieux et avec bienveillance.<\/p>\n<p>La direction et l\u2019\u00e9quipe \u00e9ducative de l&rsquo;\u00e9cole primaire Notre-Dame Heusy<\/p>\n","protected":false},"excerpt":{"rendered":"<p>Chers parents, Chaque ann\u00e9e, plus de 110 pays c\u00e9l\u00e8brent le Safer Internet Day (la journ\u00e9e annuelle pour un internet plus s\u00fbr). Cette journ\u00e9e a lieu ce 6 f\u00e9vrier 2024 et vise \u00e0 sensibiliser tout un chacun \u00e0 un usage meilleur et plus s\u00fbr d\u2019internet pour les enfants et les jeunes.<\/p>\n","protected":false},"author":3,"featured_media":0,"comment_status":"open","ping_status":"open","sticky":false,"template":"","format":"standard","meta":{"footnotes":""},"categories":[32,38,33],"tags":[],"class_list":["post-4322","post","type-post","status-publish","format-standard","hentry","category-accueil","category-communications","category-nos-infos-parents"],"_links":{"self":[{"href":"https:\/\/www.notredameheusy.net\/primaire\/wp-json\/wp\/v2\/posts\/4322","targetHints":{"allow":["GET"]}}],"collection":[{"href":"https:\/\/www.notredameheusy.net\/primaire\/wp-json\/wp\/v2\/posts"}],"about":[{"href":"https:\/\/www.notredameheusy.net\/primaire\/wp-json\/wp\/v2\/types\/post"}],"author":[{"embeddable":true,"href":"https:\/\/www.notredameheusy.net\/primaire\/wp-json\/wp\/v2\/users\/3"}],"replies":[{"embeddable":true,"href":"https:\/\/www.notredameheusy.net\/primaire\/wp-json\/wp\/v2\/comments?post=4322"}],"version-history":[{"count":1,"href":"https:\/\/www.notredameheusy.net\/primaire\/wp-json\/wp\/v2\/posts\/4322\/revisions"}],"predecessor-version":[{"id":4326,"href":"https:\/\/www.notredameheusy.net\/primaire\/wp-json\/wp\/v2\/posts\/4322\/revisions\/4326"}],"wp:attachment":[{"href":"https:\/\/www.notredameheusy.net\/primaire\/wp-json\/wp\/v2\/media?parent=4322"}],"wp:term":[{"taxonomy":"category","embeddable":true,"href":"https:\/\/www.notredameheusy.net\/primaire\/wp-json\/wp\/v2\/categories?post=4322"},{"taxonomy":"post_tag","embeddable":true,"href":"https:\/\/www.notredameheusy.net\/primaire\/wp-json\/wp\/v2\/tags?post=4322"}],"curies":[{"name":"wp","href":"https:\/\/api.w.org\/{rel}","templated":true}]}}