{"id":4286,"date":"2023-07-06T10:22:21","date_gmt":"2023-07-06T08:22:21","guid":{"rendered":"https:\/\/www.notredameheusy.net\/primaire\/?p=4286"},"modified":"2023-07-06T10:22:57","modified_gmt":"2023-07-06T08:22:57","slug":"projets-racines-p5c","status":"publish","type":"post","link":"https:\/\/www.notredameheusy.net\/primaire\/projets-racines-p5c\/","title":{"rendered":"Projets racines (P5C)"},"content":{"rendered":"<p><a href=\"https:\/\/www.notredameheusy.net\/primaire\/wp-content\/uploads\/2023\/07\/06.07.07-scaled.jpg\"><img loading=\"lazy\" decoding=\"async\" class=\"wp-image-4287 alignleft\" src=\"https:\/\/www.notredameheusy.net\/primaire\/wp-content\/uploads\/2023\/07\/06.07.07-scaled.jpg\" alt=\"\" width=\"137\" height=\"183\" srcset=\"https:\/\/www.notredameheusy.net\/primaire\/wp-content\/uploads\/2023\/07\/06.07.07-scaled.jpg 1920w, https:\/\/www.notredameheusy.net\/primaire\/wp-content\/uploads\/2023\/07\/06.07.07-225x300.jpg 225w, https:\/\/www.notredameheusy.net\/primaire\/wp-content\/uploads\/2023\/07\/06.07.07-768x1024.jpg 768w, https:\/\/www.notredameheusy.net\/primaire\/wp-content\/uploads\/2023\/07\/06.07.07-1152x1536.jpg 1152w, https:\/\/www.notredameheusy.net\/primaire\/wp-content\/uploads\/2023\/07\/06.07.07-1536x2048.jpg 1536w\" sizes=\"auto, (max-width: 137px) 100vw, 137px\" \/><\/a>Ce mercredi 05 juillet, les \u00e9l\u00e8ves de P5C ont cl\u00f4tur\u00e9 leur projet \u00ab\u00a0Des Racines Pour Grandir\u00a0\u00bb. Tout au long de l&rsquo;ann\u00e9e, chaque enfant s&rsquo;est plong\u00e9 dans son histoire, l&rsquo;histoire de sa famille, ses origines, sa culture. Chaque enfant a appris sur lui-m\u00eame et l&rsquo;a expliqu\u00e9 \u00e0 ses copains de classe.<\/p>\n<p>Ce projet d&rsquo;ouverture permet de se conna\u00eetre soi puis d\u00e9couvrir et comprendre l&rsquo;autre.<\/p>\n<p>Nos diff\u00e9rences deviennent nos forces et nos richesses.<\/p>\n<p>Chaque \u00e9tape de notre projet est reli\u00e9e \u00e0 des mati\u00e8res de savoir \u00e9crire, savoir lire, g\u00e9ographie, histoire, savoir parler, citoyennet\u00e9, etc.<\/p>\n<p><!--more--><\/p>\n<p>Depuis 2 ans, notre projet est soutenu par le CRVI qui vient proposer des animations aidant \u00e0 comprendre le vocabulaire plus compliqu\u00e9 comme \u00ab\u00a0migration, discrimination, \u00e9migration\/immigration\u00a0\u00bb.<\/p>\n<p>Les retours sont fabuleux. En t\u00e9moigne notre finalisation du projet sous forme d&rsquo;exposition o\u00f9 toutes les familles sont invit\u00e9es \u00e0 d\u00e9couvrir les stands mis en place par les \u00e9l\u00e8ves.<\/p>\n<p>Un moment d&rsquo;\u00e9changes, de prises de connaissances de mani\u00e8re visuelle, gustative et sonore selon les traditions de chacun.<\/p>\n<p>Le mot qui r\u00e9sume ce partage:<\/p>\n<p>\u00ab\u00a0Extraordinaire!\u00a0\u00bb<\/p>\n<p><a href=\"https:\/\/www.notredameheusy.net\/primaire\/wp-content\/uploads\/2023\/07\/06.07.01-scaled.jpg\"><img loading=\"lazy\" decoding=\"async\" class=\" wp-image-4288 alignleft\" src=\"https:\/\/www.notredameheusy.net\/primaire\/wp-content\/uploads\/2023\/07\/06.07.01-scaled.jpg\" alt=\"\" width=\"173\" height=\"230\" srcset=\"https:\/\/www.notredameheusy.net\/primaire\/wp-content\/uploads\/2023\/07\/06.07.01-scaled.jpg 1920w, https:\/\/www.notredameheusy.net\/primaire\/wp-content\/uploads\/2023\/07\/06.07.01-225x300.jpg 225w, https:\/\/www.notredameheusy.net\/primaire\/wp-content\/uploads\/2023\/07\/06.07.01-768x1024.jpg 768w, https:\/\/www.notredameheusy.net\/primaire\/wp-content\/uploads\/2023\/07\/06.07.01-1152x1536.jpg 1152w, https:\/\/www.notredameheusy.net\/primaire\/wp-content\/uploads\/2023\/07\/06.07.01-1536x2048.jpg 1536w\" sizes=\"auto, (max-width: 173px) 100vw, 173px\" \/><\/a> <a href=\"https:\/\/www.notredameheusy.net\/primaire\/wp-content\/uploads\/2023\/07\/06.07.02-scaled.jpg\"><img loading=\"lazy\" decoding=\"async\" class=\" wp-image-4289 alignright\" src=\"https:\/\/www.notredameheusy.net\/primaire\/wp-content\/uploads\/2023\/07\/06.07.02-scaled.jpg\" alt=\"\" width=\"176\" height=\"235\" srcset=\"https:\/\/www.notredameheusy.net\/primaire\/wp-content\/uploads\/2023\/07\/06.07.02-scaled.jpg 1920w, https:\/\/www.notredameheusy.net\/primaire\/wp-content\/uploads\/2023\/07\/06.07.02-225x300.jpg 225w, https:\/\/www.notredameheusy.net\/primaire\/wp-content\/uploads\/2023\/07\/06.07.02-768x1024.jpg 768w, https:\/\/www.notredameheusy.net\/primaire\/wp-content\/uploads\/2023\/07\/06.07.02-1152x1536.jpg 1152w, https:\/\/www.notredameheusy.net\/primaire\/wp-content\/uploads\/2023\/07\/06.07.02-1536x2048.jpg 1536w\" sizes=\"auto, (max-width: 176px) 100vw, 176px\" \/><\/a> <a href=\"https:\/\/www.notredameheusy.net\/primaire\/wp-content\/uploads\/2023\/07\/06.07.03-scaled.jpg\"><img loading=\"lazy\" decoding=\"async\" class=\"aligncenter  wp-image-4290\" src=\"https:\/\/www.notredameheusy.net\/primaire\/wp-content\/uploads\/2023\/07\/06.07.03-scaled.jpg\" alt=\"\" width=\"234\" height=\"312\" srcset=\"https:\/\/www.notredameheusy.net\/primaire\/wp-content\/uploads\/2023\/07\/06.07.03-scaled.jpg 1920w, https:\/\/www.notredameheusy.net\/primaire\/wp-content\/uploads\/2023\/07\/06.07.03-225x300.jpg 225w, https:\/\/www.notredameheusy.net\/primaire\/wp-content\/uploads\/2023\/07\/06.07.03-768x1024.jpg 768w, https:\/\/www.notredameheusy.net\/primaire\/wp-content\/uploads\/2023\/07\/06.07.03-1152x1536.jpg 1152w, https:\/\/www.notredameheusy.net\/primaire\/wp-content\/uploads\/2023\/07\/06.07.03-1536x2048.jpg 1536w\" sizes=\"auto, (max-width: 234px) 100vw, 234px\" \/><\/a> <a href=\"https:\/\/www.notredameheusy.net\/primaire\/wp-content\/uploads\/2023\/07\/06.07.04-scaled.jpg\"><img loading=\"lazy\" decoding=\"async\" class=\" wp-image-4291 alignleft\" src=\"https:\/\/www.notredameheusy.net\/primaire\/wp-content\/uploads\/2023\/07\/06.07.04-scaled.jpg\" alt=\"\" width=\"201\" height=\"268\" srcset=\"https:\/\/www.notredameheusy.net\/primaire\/wp-content\/uploads\/2023\/07\/06.07.04-scaled.jpg 1920w, https:\/\/www.notredameheusy.net\/primaire\/wp-content\/uploads\/2023\/07\/06.07.04-225x300.jpg 225w, https:\/\/www.notredameheusy.net\/primaire\/wp-content\/uploads\/2023\/07\/06.07.04-768x1024.jpg 768w, https:\/\/www.notredameheusy.net\/primaire\/wp-content\/uploads\/2023\/07\/06.07.04-1152x1536.jpg 1152w, https:\/\/www.notredameheusy.net\/primaire\/wp-content\/uploads\/2023\/07\/06.07.04-1536x2048.jpg 1536w\" sizes=\"auto, (max-width: 201px) 100vw, 201px\" \/><\/a> <a href=\"https:\/\/www.notredameheusy.net\/primaire\/wp-content\/uploads\/2023\/07\/06.07.05-scaled.jpg\"><img loading=\"lazy\" decoding=\"async\" class=\"wp-image-4292 alignright\" src=\"https:\/\/www.notredameheusy.net\/primaire\/wp-content\/uploads\/2023\/07\/06.07.05-scaled.jpg\" alt=\"\" width=\"217\" height=\"290\" srcset=\"https:\/\/www.notredameheusy.net\/primaire\/wp-content\/uploads\/2023\/07\/06.07.05-scaled.jpg 1920w, https:\/\/www.notredameheusy.net\/primaire\/wp-content\/uploads\/2023\/07\/06.07.05-225x300.jpg 225w, https:\/\/www.notredameheusy.net\/primaire\/wp-content\/uploads\/2023\/07\/06.07.05-768x1024.jpg 768w, https:\/\/www.notredameheusy.net\/primaire\/wp-content\/uploads\/2023\/07\/06.07.05-1152x1536.jpg 1152w, https:\/\/www.notredameheusy.net\/primaire\/wp-content\/uploads\/2023\/07\/06.07.05-1536x2048.jpg 1536w\" sizes=\"auto, (max-width: 217px) 100vw, 217px\" \/><\/a><\/p>\n","protected":false},"excerpt":{"rendered":"<p>Ce mercredi 05 juillet, les \u00e9l\u00e8ves de P5C ont cl\u00f4tur\u00e9 leur projet \u00ab\u00a0Des Racines Pour Grandir\u00a0\u00bb. Tout au long de l&rsquo;ann\u00e9e, chaque enfant s&rsquo;est plong\u00e9 dans son histoire, l&rsquo;histoire de sa famille, ses origines, sa culture. Chaque enfant a appris sur lui-m\u00eame et l&rsquo;a expliqu\u00e9 \u00e0 ses copains de classe. Ce projet d&rsquo;ouverture permet de [&hellip;]<\/p>\n","protected":false},"author":3,"featured_media":0,"comment_status":"open","ping_status":"open","sticky":false,"template":"","format":"standard","meta":{"footnotes":""},"categories":[32,24,38,39,29,33],"tags":[],"class_list":["post-4286","post","type-post","status-publish","format-standard","hentry","category-accueil","category-activites-de-classe","category-communications","category-ecole-active","category-ecole-citoyenne","category-nos-infos-parents"],"_links":{"self":[{"href":"https:\/\/www.notredameheusy.net\/primaire\/wp-json\/wp\/v2\/posts\/4286","targetHints":{"allow":["GET"]}}],"collection":[{"href":"https:\/\/www.notredameheusy.net\/primaire\/wp-json\/wp\/v2\/posts"}],"about":[{"href":"https:\/\/www.notredameheusy.net\/primaire\/wp-json\/wp\/v2\/types\/post"}],"author":[{"embeddable":true,"href":"https:\/\/www.notredameheusy.net\/primaire\/wp-json\/wp\/v2\/users\/3"}],"replies":[{"embeddable":true,"href":"https:\/\/www.notredameheusy.net\/primaire\/wp-json\/wp\/v2\/comments?post=4286"}],"version-history":[{"count":2,"href":"https:\/\/www.notredameheusy.net\/primaire\/wp-json\/wp\/v2\/posts\/4286\/revisions"}],"predecessor-version":[{"id":4294,"href":"https:\/\/www.notredameheusy.net\/primaire\/wp-json\/wp\/v2\/posts\/4286\/revisions\/4294"}],"wp:attachment":[{"href":"https:\/\/www.notredameheusy.net\/primaire\/wp-json\/wp\/v2\/media?parent=4286"}],"wp:term":[{"taxonomy":"category","embeddable":true,"href":"https:\/\/www.notredameheusy.net\/primaire\/wp-json\/wp\/v2\/categories?post=4286"},{"taxonomy":"post_tag","embeddable":true,"href":"https:\/\/www.notredameheusy.net\/primaire\/wp-json\/wp\/v2\/tags?post=4286"}],"curies":[{"name":"wp","href":"https:\/\/api.w.org\/{rel}","templated":true}]}}