{"id":4228,"date":"2023-04-20T09:19:45","date_gmt":"2023-04-20T07:19:45","guid":{"rendered":"https:\/\/www.notredameheusy.net\/primaire\/?p=4228"},"modified":"2023-04-20T09:19:46","modified_gmt":"2023-04-20T07:19:46","slug":"75-ans-de-lecole","status":"publish","type":"post","link":"https:\/\/www.notredameheusy.net\/primaire\/75-ans-de-lecole\/","title":{"rendered":"75 ans de l&rsquo;\u00e9cole"},"content":{"rendered":"\n<p> <\/p>\n\n\n<p><a href=\"https:\/\/www.notredameheusy.net\/primaire\/wp-content\/uploads\/2023\/04\/75-ans.jpg\"><img loading=\"lazy\" decoding=\"async\" class=\" wp-image-4229 alignleft\" src=\"https:\/\/www.notredameheusy.net\/primaire\/wp-content\/uploads\/2023\/04\/75-ans.jpg\" alt=\"\" width=\"164\" height=\"164\" srcset=\"https:\/\/www.notredameheusy.net\/primaire\/wp-content\/uploads\/2023\/04\/75-ans.jpg 1000w, https:\/\/www.notredameheusy.net\/primaire\/wp-content\/uploads\/2023\/04\/75-ans-300x300.jpg 300w, https:\/\/www.notredameheusy.net\/primaire\/wp-content\/uploads\/2023\/04\/75-ans-150x150.jpg 150w, https:\/\/www.notredameheusy.net\/primaire\/wp-content\/uploads\/2023\/04\/75-ans-768x768.jpg 768w\" sizes=\"auto, (max-width: 164px) 100vw, 164px\" \/><\/a>Chers parents, les 3 implantations de Notre-Dame (maternelle, primaire et secondaire) ont c\u00e9l\u00e9br\u00e9 le mercredi 29 mars les 75 ans de l&rsquo;\u00e9cole.<\/p>\n<p>Vous trouverez la vid\u00e9o de cette matin\u00e9e sur le lien repris ci-dessous.<\/p>\n<p>Nous vous en souhaitons une bonne lecture!<\/p>\n<p><a href=\"https:\/\/drive.google.com\/file\/d\/1KBT7qWpZ8whXLIlp8bzWEErKFuPp2ZM4\/view?usp=share_link\">https:\/\/drive.google.com\/file\/d\/1KBT7qWpZ8whXLIlp8bzWEErKFuPp2ZM4\/view?usp=share_link<\/a><\/p>","protected":false},"excerpt":{"rendered":"<p>Chers parents, les 3 implantations de Notre-Dame (maternelle, primaire et secondaire) ont c\u00e9l\u00e9br\u00e9 le mercredi 29 mars les 75 ans de l&rsquo;\u00e9cole. Vous trouverez la vid\u00e9o de cette matin\u00e9e sur le lien repris ci-dessous. Nous vous en souhaitons une bonne lecture! https:\/\/drive.google.com\/file\/d\/1KBT7qWpZ8whXLIlp8bzWEErKFuPp2ZM4\/view?usp=share_link<\/p>\n","protected":false},"author":3,"featured_media":0,"comment_status":"open","ping_status":"open","sticky":false,"template":"","format":"standard","meta":{"footnotes":""},"categories":[32,9,38,39,43],"tags":[],"class_list":["post-4228","post","type-post","status-publish","format-standard","hentry","category-accueil","category-activites-ecole","category-communications","category-ecole-active","category-videos"],"_links":{"self":[{"href":"https:\/\/www.notredameheusy.net\/primaire\/wp-json\/wp\/v2\/posts\/4228","targetHints":{"allow":["GET"]}}],"collection":[{"href":"https:\/\/www.notredameheusy.net\/primaire\/wp-json\/wp\/v2\/posts"}],"about":[{"href":"https:\/\/www.notredameheusy.net\/primaire\/wp-json\/wp\/v2\/types\/post"}],"author":[{"embeddable":true,"href":"https:\/\/www.notredameheusy.net\/primaire\/wp-json\/wp\/v2\/users\/3"}],"replies":[{"embeddable":true,"href":"https:\/\/www.notredameheusy.net\/primaire\/wp-json\/wp\/v2\/comments?post=4228"}],"version-history":[{"count":1,"href":"https:\/\/www.notredameheusy.net\/primaire\/wp-json\/wp\/v2\/posts\/4228\/revisions"}],"predecessor-version":[{"id":4230,"href":"https:\/\/www.notredameheusy.net\/primaire\/wp-json\/wp\/v2\/posts\/4228\/revisions\/4230"}],"wp:attachment":[{"href":"https:\/\/www.notredameheusy.net\/primaire\/wp-json\/wp\/v2\/media?parent=4228"}],"wp:term":[{"taxonomy":"category","embeddable":true,"href":"https:\/\/www.notredameheusy.net\/primaire\/wp-json\/wp\/v2\/categories?post=4228"},{"taxonomy":"post_tag","embeddable":true,"href":"https:\/\/www.notredameheusy.net\/primaire\/wp-json\/wp\/v2\/tags?post=4228"}],"curies":[{"name":"wp","href":"https:\/\/api.w.org\/{rel}","templated":true}]}}